{"id":13898,"date":"2023-09-14T22:22:57","date_gmt":"2023-09-14T21:22:57","guid":{"rendered":"https:\/\/cardiffjournalism.co.uk\/life360\/?p=13898"},"modified":"2023-10-04T01:01:39","modified_gmt":"2023-10-04T00:01:39","slug":"tension-in-the-borderlands-how-has-brexit-caused-fear-of-a-return-to-the-violence-along-the-irish-border","status":"publish","type":"post","link":"https:\/\/cardiffjournalism.co.uk\/life360\/tension-in-the-borderlands-how-has-brexit-caused-fear-of-a-return-to-the-violence-along-the-irish-border\/","title":{"rendered":"Tension in the Borderlands: How has Brexit caused fear of a return to the violence in Ireland?"},"content":{"rendered":"\n<p><em>Following the Brexit referendum in 2016 there were real fears in Ireland of a return to a hard border between the North and South, something that dissident republicans warned would lead to violence. Now seven years on with a trade border instead placed in the Irish Sea, what are people&#8217;s hopes and fears along the Irish border for the future?<\/em><\/p>\n\n\n\n<p>Darragh Patterson is a young man from Portaferry, a largely catholic town about an hour southeast of Belfast. He now lives in the republic in county Donegal but regularly travels back and forth over the border to visit his family.&nbsp;<\/p>\n\n\n\n<p>His grandparents live in Derry City, Londonderry if you\u2019re a unionist. At Sunday lunch the conversation will often revert to his grandfather Raymond\u2019s stories of the Troubles. This was the period of deadly sectarian violence that engulfed Northern Ireland. It resulted in over three thousand deaths and almost 30 years of terror and misery.<\/p>\n\n\n\n<p>For Darragh, the only noticeable difference as he travels across the border is that the road signs change from miles to kilometres. However, Raymond, remembers a different time of heavily armed military checkpoints, the rumble of army helicopters, and the constant fear of being caught in the crossfire.&nbsp;<\/p>\n\n\n\n<figure class=\"wp-block-image size-large is-resized\"><img decoding=\"async\" loading=\"lazy\" src=\"https:\/\/cardiffjournalism.co.uk\/life360\/wp-content\/uploads\/sites\/8\/2023\/09\/Raymond-1-1024x576.jpg\" alt=\"\" class=\"wp-image-13940\" style=\"width:770px;height:433px\" width=\"770\" height=\"433\" srcset=\"https:\/\/cardiffjournalism.co.uk\/life360\/wp-content\/uploads\/sites\/8\/2023\/09\/Raymond-1-1024x576.jpg 1024w, https:\/\/cardiffjournalism.co.uk\/life360\/wp-content\/uploads\/sites\/8\/2023\/09\/Raymond-1-300x169.jpg 300w, https:\/\/cardiffjournalism.co.uk\/life360\/wp-content\/uploads\/sites\/8\/2023\/09\/Raymond-1-770x433.jpg 770w, https:\/\/cardiffjournalism.co.uk\/life360\/wp-content\/uploads\/sites\/8\/2023\/09\/Raymond-1-293x165.jpg 293w, https:\/\/cardiffjournalism.co.uk\/life360\/wp-content\/uploads\/sites\/8\/2023\/09\/Raymond-1.jpg 1398w\" sizes=\"auto, (max-width: 770px) 100vw, 770px\" \/><noscript><img decoding=\"async\" src=\"https:\/\/cardiffjournalism.co.uk\/life360\/wp-content\/uploads\/sites\/8\/2023\/09\/Raymond-1-1024x576.jpg\" alt=\"\" class=\"wp-image-13940\" style=\"width:770px;height:433px\" width=\"770\" height=\"433\" srcset=\"https:\/\/cardiffjournalism.co.uk\/life360\/wp-content\/uploads\/sites\/8\/2023\/09\/Raymond-1-1024x576.jpg 1024w, https:\/\/cardiffjournalism.co.uk\/life360\/wp-content\/uploads\/sites\/8\/2023\/09\/Raymond-1-300x169.jpg 300w, https:\/\/cardiffjournalism.co.uk\/life360\/wp-content\/uploads\/sites\/8\/2023\/09\/Raymond-1-770x433.jpg 770w, https:\/\/cardiffjournalism.co.uk\/life360\/wp-content\/uploads\/sites\/8\/2023\/09\/Raymond-1-293x165.jpg 293w, https:\/\/cardiffjournalism.co.uk\/life360\/wp-content\/uploads\/sites\/8\/2023\/09\/Raymond-1.jpg 1398w\" sizes=\"(max-width: 770px) 100vw, 770px\" \/><\/noscript><figcaption class=\"wp-element-caption\">Raymond McGuinness has lived through Derry&#8217;s troubled past.<\/figcaption><\/figure>\n\n\n\n<p>This Sunday in particular, Raymond tells Darragh about what he saw on Bloody Sunday in 1972, the day that sparked the conflict. Thirteen unarmed catholic civilians were shot dead by British soldiers as they marched through the streets of Derry city campaigning for civil rights. That peaceful campaign was all but ended that day, instead replaced by the violent conflict.<\/p>\n\n\n\n<p>\u201cI remember the bullets zinging over our heads and the soldiers up on the city walls just taking pot-shots at the marchers, it was like shooting fish in a barrel,\u201d said Raymond.&nbsp;<\/p>\n\n\n\n<figure class=\"wp-block-image size-large\"><img decoding=\"async\" width=\"1024\" height=\"576\" loading=\"lazy\" src=\"https:\/\/cardiffjournalism.co.uk\/life360\/wp-content\/uploads\/sites\/8\/2023\/09\/free-derry-corner-1-1024x576.jpg\" alt=\"\" class=\"wp-image-13985\" srcset=\"https:\/\/cardiffjournalism.co.uk\/life360\/wp-content\/uploads\/sites\/8\/2023\/09\/free-derry-corner-1-1024x576.jpg 1024w, https:\/\/cardiffjournalism.co.uk\/life360\/wp-content\/uploads\/sites\/8\/2023\/09\/free-derry-corner-1-300x169.jpg 300w, https:\/\/cardiffjournalism.co.uk\/life360\/wp-content\/uploads\/sites\/8\/2023\/09\/free-derry-corner-1-770x433.jpg 770w, https:\/\/cardiffjournalism.co.uk\/life360\/wp-content\/uploads\/sites\/8\/2023\/09\/free-derry-corner-1-1536x864.jpg 1536w, https:\/\/cardiffjournalism.co.uk\/life360\/wp-content\/uploads\/sites\/8\/2023\/09\/free-derry-corner-1-293x165.jpg 293w, https:\/\/cardiffjournalism.co.uk\/life360\/wp-content\/uploads\/sites\/8\/2023\/09\/free-derry-corner-1-1400x787.jpg 1400w, https:\/\/cardiffjournalism.co.uk\/life360\/wp-content\/uploads\/sites\/8\/2023\/09\/free-derry-corner-1.jpg 1645w\" sizes=\"auto, (max-width: 1024px) 100vw, 1024px\" \/><noscript><img decoding=\"async\" width=\"1024\" height=\"576\" src=\"https:\/\/cardiffjournalism.co.uk\/life360\/wp-content\/uploads\/sites\/8\/2023\/09\/free-derry-corner-1-1024x576.jpg\" alt=\"\" class=\"wp-image-13985\" srcset=\"https:\/\/cardiffjournalism.co.uk\/life360\/wp-content\/uploads\/sites\/8\/2023\/09\/free-derry-corner-1-1024x576.jpg 1024w, https:\/\/cardiffjournalism.co.uk\/life360\/wp-content\/uploads\/sites\/8\/2023\/09\/free-derry-corner-1-300x169.jpg 300w, https:\/\/cardiffjournalism.co.uk\/life360\/wp-content\/uploads\/sites\/8\/2023\/09\/free-derry-corner-1-770x433.jpg 770w, https:\/\/cardiffjournalism.co.uk\/life360\/wp-content\/uploads\/sites\/8\/2023\/09\/free-derry-corner-1-1536x864.jpg 1536w, https:\/\/cardiffjournalism.co.uk\/life360\/wp-content\/uploads\/sites\/8\/2023\/09\/free-derry-corner-1-293x165.jpg 293w, https:\/\/cardiffjournalism.co.uk\/life360\/wp-content\/uploads\/sites\/8\/2023\/09\/free-derry-corner-1-1400x787.jpg 1400w, https:\/\/cardiffjournalism.co.uk\/life360\/wp-content\/uploads\/sites\/8\/2023\/09\/free-derry-corner-1.jpg 1645w\" sizes=\"(max-width: 1024px) 100vw, 1024px\" \/><\/noscript><figcaption class=\"wp-element-caption\">Free Derry Corner, the site of the Bloody Sunday Massacre in 1972.<\/figcaption><\/figure>\n\n\n\n<p>Today the era of relative peace the Derry of Raymond\u2019s youth seems a different world entirely. The bomb explosions and rifle fire no longer ring out around the city. After dinner, he heads down to the shop to do the lotto. Just outside is a memorial to five people who were gunned down in the pub next door during a sectarian attack.&nbsp;<\/p>\n\n\n\n<p>\u201cYou\u2019d almost take it for granted how times have changed since then,\u201d he said. \u201cFive people were shot dead right there but here I am just heading in to do the lotto.\u201d<\/p>\n\n\n\n<figure class=\"wp-block-image size-large\"><img decoding=\"async\" width=\"1024\" height=\"576\" loading=\"lazy\" src=\"https:\/\/cardiffjournalism.co.uk\/life360\/wp-content\/uploads\/sites\/8\/2023\/09\/Creggan-1024x576.jpg\" alt=\"\" class=\"wp-image-13950\" srcset=\"https:\/\/cardiffjournalism.co.uk\/life360\/wp-content\/uploads\/sites\/8\/2023\/09\/Creggan-1024x576.jpg 1024w, https:\/\/cardiffjournalism.co.uk\/life360\/wp-content\/uploads\/sites\/8\/2023\/09\/Creggan-300x169.jpg 300w, https:\/\/cardiffjournalism.co.uk\/life360\/wp-content\/uploads\/sites\/8\/2023\/09\/Creggan-770x433.jpg 770w, https:\/\/cardiffjournalism.co.uk\/life360\/wp-content\/uploads\/sites\/8\/2023\/09\/Creggan-1536x865.jpg 1536w, https:\/\/cardiffjournalism.co.uk\/life360\/wp-content\/uploads\/sites\/8\/2023\/09\/Creggan-293x165.jpg 293w, https:\/\/cardiffjournalism.co.uk\/life360\/wp-content\/uploads\/sites\/8\/2023\/09\/Creggan-1400x788.jpg 1400w, https:\/\/cardiffjournalism.co.uk\/life360\/wp-content\/uploads\/sites\/8\/2023\/09\/Creggan.jpg 1890w\" sizes=\"auto, (max-width: 1024px) 100vw, 1024px\" \/><noscript><img decoding=\"async\" width=\"1024\" height=\"576\" src=\"https:\/\/cardiffjournalism.co.uk\/life360\/wp-content\/uploads\/sites\/8\/2023\/09\/Creggan-1024x576.jpg\" alt=\"\" class=\"wp-image-13950\" srcset=\"https:\/\/cardiffjournalism.co.uk\/life360\/wp-content\/uploads\/sites\/8\/2023\/09\/Creggan-1024x576.jpg 1024w, https:\/\/cardiffjournalism.co.uk\/life360\/wp-content\/uploads\/sites\/8\/2023\/09\/Creggan-300x169.jpg 300w, https:\/\/cardiffjournalism.co.uk\/life360\/wp-content\/uploads\/sites\/8\/2023\/09\/Creggan-770x433.jpg 770w, https:\/\/cardiffjournalism.co.uk\/life360\/wp-content\/uploads\/sites\/8\/2023\/09\/Creggan-1536x865.jpg 1536w, https:\/\/cardiffjournalism.co.uk\/life360\/wp-content\/uploads\/sites\/8\/2023\/09\/Creggan-293x165.jpg 293w, https:\/\/cardiffjournalism.co.uk\/life360\/wp-content\/uploads\/sites\/8\/2023\/09\/Creggan-1400x788.jpg 1400w, https:\/\/cardiffjournalism.co.uk\/life360\/wp-content\/uploads\/sites\/8\/2023\/09\/Creggan.jpg 1890w\" sizes=\"(max-width: 1024px) 100vw, 1024px\" \/><\/noscript><figcaption class=\"wp-element-caption\">Creggan Shops where police cars rarely go, such is the continued presence of the New IRA.<\/figcaption><\/figure>\n\n\n\n<p>Derry City is just two miles from the border with Donegal and the Irish Republic. Immediately after the Brexit referendum talks of a return to the hard border of the past caused serious fear and panic in the city and across Ireland.<\/p>\n\n\n\n<p>Built on hills at the mouth of the Foyle, both the city church spires and mountains of Donegal can be seen from Raymond\u2019s house on the east side of the river. So too can they be seen from the top of Creggan Hill in the main cemetery overlooking the walled city below. Darragh and Raymond head there after dinner to visit their deceased loved ones.&nbsp;<\/p>\n\n\n\n<p>Raymond\u2019s anecdotes of life during the conflict are in stark contrast to the upbringing that Darragh experienced. Born in 1998, the year that the Troubles ceased, Darragh\u2019s generation is affectionately known as \u2018Peace Babies\u2019.<\/p>\n\n\n\n<figure class=\"wp-block-image size-large is-resized\"><img decoding=\"async\" loading=\"lazy\" src=\"https:\/\/cardiffjournalism.co.uk\/life360\/wp-content\/uploads\/sites\/8\/2023\/09\/1-3-410x1024.jpg\" alt=\"\" class=\"wp-image-13987\" style=\"width:661px;height:1652px\" width=\"661\" height=\"1652\" srcset=\"https:\/\/cardiffjournalism.co.uk\/life360\/wp-content\/uploads\/sites\/8\/2023\/09\/1-3-410x1024.jpg 410w, https:\/\/cardiffjournalism.co.uk\/life360\/wp-content\/uploads\/sites\/8\/2023\/09\/1-3-120x300.jpg 120w, https:\/\/cardiffjournalism.co.uk\/life360\/wp-content\/uploads\/sites\/8\/2023\/09\/1-3-770x1925.jpg 770w, https:\/\/cardiffjournalism.co.uk\/life360\/wp-content\/uploads\/sites\/8\/2023\/09\/1-3-614x1536.jpg 614w, https:\/\/cardiffjournalism.co.uk\/life360\/wp-content\/uploads\/sites\/8\/2023\/09\/1-3-293x733.jpg 293w, https:\/\/cardiffjournalism.co.uk\/life360\/wp-content\/uploads\/sites\/8\/2023\/09\/1-3.jpg 800w\" sizes=\"auto, (max-width: 661px) 100vw, 661px\" \/><noscript><img decoding=\"async\" src=\"https:\/\/cardiffjournalism.co.uk\/life360\/wp-content\/uploads\/sites\/8\/2023\/09\/1-3-410x1024.jpg\" alt=\"\" class=\"wp-image-13987\" style=\"width:661px;height:1652px\" width=\"661\" height=\"1652\" srcset=\"https:\/\/cardiffjournalism.co.uk\/life360\/wp-content\/uploads\/sites\/8\/2023\/09\/1-3-410x1024.jpg 410w, https:\/\/cardiffjournalism.co.uk\/life360\/wp-content\/uploads\/sites\/8\/2023\/09\/1-3-120x300.jpg 120w, https:\/\/cardiffjournalism.co.uk\/life360\/wp-content\/uploads\/sites\/8\/2023\/09\/1-3-770x1925.jpg 770w, https:\/\/cardiffjournalism.co.uk\/life360\/wp-content\/uploads\/sites\/8\/2023\/09\/1-3-614x1536.jpg 614w, https:\/\/cardiffjournalism.co.uk\/life360\/wp-content\/uploads\/sites\/8\/2023\/09\/1-3-293x733.jpg 293w, https:\/\/cardiffjournalism.co.uk\/life360\/wp-content\/uploads\/sites\/8\/2023\/09\/1-3.jpg 800w\" sizes=\"(max-width: 661px) 100vw, 661px\" \/><\/noscript><\/figure>\n\n\n\n<figure class=\"wp-block-image size-large is-resized\"><img decoding=\"async\" loading=\"lazy\" src=\"https:\/\/cardiffjournalism.co.uk\/life360\/wp-content\/uploads\/sites\/8\/2023\/09\/2-1-410x1024.jpg\" alt=\"\" class=\"wp-image-13988\" style=\"width:660px;height:1649px\" width=\"660\" height=\"1649\" srcset=\"https:\/\/cardiffjournalism.co.uk\/life360\/wp-content\/uploads\/sites\/8\/2023\/09\/2-1-410x1024.jpg 410w, https:\/\/cardiffjournalism.co.uk\/life360\/wp-content\/uploads\/sites\/8\/2023\/09\/2-1-120x300.jpg 120w, https:\/\/cardiffjournalism.co.uk\/life360\/wp-content\/uploads\/sites\/8\/2023\/09\/2-1-770x1925.jpg 770w, https:\/\/cardiffjournalism.co.uk\/life360\/wp-content\/uploads\/sites\/8\/2023\/09\/2-1-293x733.jpg 293w, https:\/\/cardiffjournalism.co.uk\/life360\/wp-content\/uploads\/sites\/8\/2023\/09\/2-1.jpg 800w\" sizes=\"auto, (max-width: 660px) 100vw, 660px\" \/><noscript><img decoding=\"async\" src=\"https:\/\/cardiffjournalism.co.uk\/life360\/wp-content\/uploads\/sites\/8\/2023\/09\/2-1-410x1024.jpg\" alt=\"\" class=\"wp-image-13988\" style=\"width:660px;height:1649px\" width=\"660\" height=\"1649\" srcset=\"https:\/\/cardiffjournalism.co.uk\/life360\/wp-content\/uploads\/sites\/8\/2023\/09\/2-1-410x1024.jpg 410w, https:\/\/cardiffjournalism.co.uk\/life360\/wp-content\/uploads\/sites\/8\/2023\/09\/2-1-120x300.jpg 120w, https:\/\/cardiffjournalism.co.uk\/life360\/wp-content\/uploads\/sites\/8\/2023\/09\/2-1-770x1925.jpg 770w, https:\/\/cardiffjournalism.co.uk\/life360\/wp-content\/uploads\/sites\/8\/2023\/09\/2-1-293x733.jpg 293w, https:\/\/cardiffjournalism.co.uk\/life360\/wp-content\/uploads\/sites\/8\/2023\/09\/2-1.jpg 800w\" sizes=\"(max-width: 660px) 100vw, 660px\" \/><\/noscript><\/figure>\n\n\n\n<p>&nbsp;<\/p>\n\n\n\n<p>He did not have the constant fear of dodging bullets or police harassment. Nor did he live in madness inducing worry of the no-warning car bombs or the bodies peeled off the streets that were commonplace in the Northern Ireland of Raymond\u2019s time.<\/p>\n\n\n\n<p>Yet this fragile peace has been hurled into uncertainty since the Brexit vote in 2016. Splitting his time between the North and South, Darragh has seen a sharp change since.<\/p>\n\n\n\n<p>\u201cI think that Brexit has set in motion something that can\u2019t be undone,\u201d he said. \u201cThey knowingly walked into a black abyss and it\u2019s caused a shift here in the North, it&#8217;s very noticeable, you can feel it and yes I do worry about the future.\u201d<\/p>\n\n\n\n<figure class=\"wp-block-image size-large\"><img decoding=\"async\" width=\"1024\" height=\"576\" loading=\"lazy\" src=\"https:\/\/cardiffjournalism.co.uk\/life360\/wp-content\/uploads\/sites\/8\/2023\/09\/darragh-1024x576.jpg\" alt=\"\" class=\"wp-image-13941\" srcset=\"https:\/\/cardiffjournalism.co.uk\/life360\/wp-content\/uploads\/sites\/8\/2023\/09\/darragh-1024x576.jpg 1024w, https:\/\/cardiffjournalism.co.uk\/life360\/wp-content\/uploads\/sites\/8\/2023\/09\/darragh-300x169.jpg 300w, https:\/\/cardiffjournalism.co.uk\/life360\/wp-content\/uploads\/sites\/8\/2023\/09\/darragh-770x433.jpg 770w, https:\/\/cardiffjournalism.co.uk\/life360\/wp-content\/uploads\/sites\/8\/2023\/09\/darragh-1536x864.jpg 1536w, https:\/\/cardiffjournalism.co.uk\/life360\/wp-content\/uploads\/sites\/8\/2023\/09\/darragh-293x165.jpg 293w, https:\/\/cardiffjournalism.co.uk\/life360\/wp-content\/uploads\/sites\/8\/2023\/09\/darragh-1400x787.jpg 1400w, https:\/\/cardiffjournalism.co.uk\/life360\/wp-content\/uploads\/sites\/8\/2023\/09\/darragh.jpg 1890w\" sizes=\"auto, (max-width: 1024px) 100vw, 1024px\" \/><noscript><img decoding=\"async\" width=\"1024\" height=\"576\" src=\"https:\/\/cardiffjournalism.co.uk\/life360\/wp-content\/uploads\/sites\/8\/2023\/09\/darragh-1024x576.jpg\" alt=\"\" class=\"wp-image-13941\" srcset=\"https:\/\/cardiffjournalism.co.uk\/life360\/wp-content\/uploads\/sites\/8\/2023\/09\/darragh-1024x576.jpg 1024w, https:\/\/cardiffjournalism.co.uk\/life360\/wp-content\/uploads\/sites\/8\/2023\/09\/darragh-300x169.jpg 300w, https:\/\/cardiffjournalism.co.uk\/life360\/wp-content\/uploads\/sites\/8\/2023\/09\/darragh-770x433.jpg 770w, https:\/\/cardiffjournalism.co.uk\/life360\/wp-content\/uploads\/sites\/8\/2023\/09\/darragh-1536x864.jpg 1536w, https:\/\/cardiffjournalism.co.uk\/life360\/wp-content\/uploads\/sites\/8\/2023\/09\/darragh-293x165.jpg 293w, https:\/\/cardiffjournalism.co.uk\/life360\/wp-content\/uploads\/sites\/8\/2023\/09\/darragh-1400x787.jpg 1400w, https:\/\/cardiffjournalism.co.uk\/life360\/wp-content\/uploads\/sites\/8\/2023\/09\/darragh.jpg 1890w\" sizes=\"(max-width: 1024px) 100vw, 1024px\" \/><\/noscript><figcaption class=\"wp-element-caption\">Darragh Patterson knows a totally different Derry to that of his grandfather.<\/figcaption><\/figure>\n\n\n\n<p>\u201cThere is a real and palpable tension that just wasn\u2019t there before particularly in the loyalist areas, there&#8217;s more flags, more anger and there&#8217;s overall just a more serious tone to everything,\u201d he said. \u201cAll you have to do is look at the news about the loyalist feuds or go for a drive through an estate, it\u2019s not hard to see.\u201d<\/p>\n\n\n\n<p>As they make their way to the cemetery they switch on the radio. Per usual talk of Brexit and the border dominates the airwaves. This time it\u2019s the voice of former Ulster Unionist Party (UUP) leader Mike Nesbitt discussing loyalist fears about the protocol. He is also a member of the Stormont executive for Darragh\u2019s home constituency of Ards.&nbsp;<\/p>\n\n\n\n<figure class=\"wp-block-image size-large\"><img decoding=\"async\" width=\"1024\" height=\"576\" loading=\"lazy\" src=\"https:\/\/cardiffjournalism.co.uk\/life360\/wp-content\/uploads\/sites\/8\/2023\/09\/Londondderry-1024x576.jpg\" alt=\"\" class=\"wp-image-13938\" srcset=\"https:\/\/cardiffjournalism.co.uk\/life360\/wp-content\/uploads\/sites\/8\/2023\/09\/Londondderry-1024x576.jpg 1024w, https:\/\/cardiffjournalism.co.uk\/life360\/wp-content\/uploads\/sites\/8\/2023\/09\/Londondderry-300x169.jpg 300w, https:\/\/cardiffjournalism.co.uk\/life360\/wp-content\/uploads\/sites\/8\/2023\/09\/Londondderry-770x433.jpg 770w, https:\/\/cardiffjournalism.co.uk\/life360\/wp-content\/uploads\/sites\/8\/2023\/09\/Londondderry-293x165.jpg 293w, https:\/\/cardiffjournalism.co.uk\/life360\/wp-content\/uploads\/sites\/8\/2023\/09\/Londondderry.jpg 1360w\" sizes=\"auto, (max-width: 1024px) 100vw, 1024px\" \/><noscript><img decoding=\"async\" width=\"1024\" height=\"576\" src=\"https:\/\/cardiffjournalism.co.uk\/life360\/wp-content\/uploads\/sites\/8\/2023\/09\/Londondderry-1024x576.jpg\" alt=\"\" class=\"wp-image-13938\" srcset=\"https:\/\/cardiffjournalism.co.uk\/life360\/wp-content\/uploads\/sites\/8\/2023\/09\/Londondderry-1024x576.jpg 1024w, https:\/\/cardiffjournalism.co.uk\/life360\/wp-content\/uploads\/sites\/8\/2023\/09\/Londondderry-300x169.jpg 300w, https:\/\/cardiffjournalism.co.uk\/life360\/wp-content\/uploads\/sites\/8\/2023\/09\/Londondderry-770x433.jpg 770w, https:\/\/cardiffjournalism.co.uk\/life360\/wp-content\/uploads\/sites\/8\/2023\/09\/Londondderry-293x165.jpg 293w, https:\/\/cardiffjournalism.co.uk\/life360\/wp-content\/uploads\/sites\/8\/2023\/09\/Londondderry.jpg 1360w\" sizes=\"(max-width: 1024px) 100vw, 1024px\" \/><\/noscript><figcaption class=\"wp-element-caption\">Even the name of Derry is contentious. Nationalists call it Derry, loyalists call it Londonderry.<\/figcaption><\/figure>\n\n\n\n<p>Mike is speaking from his office in the town of Newtownards, halfway between Portaferry and Belfast. At the moment his role as an elected representative is redundant as a result of the collapsed power-sharing government.&nbsp;<\/p>\n\n\n\n<p>Entering Newtownards you\u2019re confronted with a barrage of Union Jacks and bunting hanging from the lampposts. The kerbstones are painted red, white, and blue. If it wasn\u2019t obvious this is loyalist territory.<\/p>\n\n\n\n<figure class=\"wp-block-image size-large\"><img decoding=\"async\" width=\"1024\" height=\"576\" loading=\"lazy\" src=\"https:\/\/cardiffjournalism.co.uk\/life360\/wp-content\/uploads\/sites\/8\/2023\/09\/newtonards-1024x576.jpg\" alt=\"\" class=\"wp-image-13979\" srcset=\"https:\/\/cardiffjournalism.co.uk\/life360\/wp-content\/uploads\/sites\/8\/2023\/09\/newtonards-1024x576.jpg 1024w, https:\/\/cardiffjournalism.co.uk\/life360\/wp-content\/uploads\/sites\/8\/2023\/09\/newtonards-300x169.jpg 300w, https:\/\/cardiffjournalism.co.uk\/life360\/wp-content\/uploads\/sites\/8\/2023\/09\/newtonards-770x433.jpg 770w, https:\/\/cardiffjournalism.co.uk\/life360\/wp-content\/uploads\/sites\/8\/2023\/09\/newtonards-1536x864.jpg 1536w, https:\/\/cardiffjournalism.co.uk\/life360\/wp-content\/uploads\/sites\/8\/2023\/09\/newtonards-293x165.jpg 293w, https:\/\/cardiffjournalism.co.uk\/life360\/wp-content\/uploads\/sites\/8\/2023\/09\/newtonards-1400x787.jpg 1400w, https:\/\/cardiffjournalism.co.uk\/life360\/wp-content\/uploads\/sites\/8\/2023\/09\/newtonards.jpg 1890w\" sizes=\"auto, (max-width: 1024px) 100vw, 1024px\" \/><noscript><img decoding=\"async\" width=\"1024\" height=\"576\" src=\"https:\/\/cardiffjournalism.co.uk\/life360\/wp-content\/uploads\/sites\/8\/2023\/09\/newtonards-1024x576.jpg\" alt=\"\" class=\"wp-image-13979\" srcset=\"https:\/\/cardiffjournalism.co.uk\/life360\/wp-content\/uploads\/sites\/8\/2023\/09\/newtonards-1024x576.jpg 1024w, https:\/\/cardiffjournalism.co.uk\/life360\/wp-content\/uploads\/sites\/8\/2023\/09\/newtonards-300x169.jpg 300w, https:\/\/cardiffjournalism.co.uk\/life360\/wp-content\/uploads\/sites\/8\/2023\/09\/newtonards-770x433.jpg 770w, https:\/\/cardiffjournalism.co.uk\/life360\/wp-content\/uploads\/sites\/8\/2023\/09\/newtonards-1536x864.jpg 1536w, https:\/\/cardiffjournalism.co.uk\/life360\/wp-content\/uploads\/sites\/8\/2023\/09\/newtonards-293x165.jpg 293w, https:\/\/cardiffjournalism.co.uk\/life360\/wp-content\/uploads\/sites\/8\/2023\/09\/newtonards-1400x787.jpg 1400w, https:\/\/cardiffjournalism.co.uk\/life360\/wp-content\/uploads\/sites\/8\/2023\/09\/newtonards.jpg 1890w\" sizes=\"(max-width: 1024px) 100vw, 1024px\" \/><\/noscript><figcaption class=\"wp-element-caption\">The loyalist town of Newtownards viewed from the elevation of Scrabo Hill.<\/figcaption><\/figure>\n\n\n\n<p>More recently is the addition of banners and placards in defiance of the Irish Sea border, giving an insight into the fury within the loyalist community. That anger has spilled over in recent months with Newtownards and the wider peninsula erupting in loyalist violence, the people who cause Darragh to fear for the future.<\/p>\n\n\n\n<p>The Democratic Unionist Party (DUP), the largest pro-union party in the North campaigned in favour of Brexit, unlike the UUP. They subsequently collapsed the government until the sea border was removed.<\/p>\n\n\n\n<figure class=\"wp-block-image size-large\"><img decoding=\"async\" width=\"1024\" height=\"576\" loading=\"lazy\" src=\"https:\/\/cardiffjournalism.co.uk\/life360\/wp-content\/uploads\/sites\/8\/2023\/09\/Mike-Nesbitt-1024x576.jpg\" alt=\"\" class=\"wp-image-13948\" srcset=\"https:\/\/cardiffjournalism.co.uk\/life360\/wp-content\/uploads\/sites\/8\/2023\/09\/Mike-Nesbitt-1024x576.jpg 1024w, https:\/\/cardiffjournalism.co.uk\/life360\/wp-content\/uploads\/sites\/8\/2023\/09\/Mike-Nesbitt-300x169.jpg 300w, https:\/\/cardiffjournalism.co.uk\/life360\/wp-content\/uploads\/sites\/8\/2023\/09\/Mike-Nesbitt-770x433.jpg 770w, https:\/\/cardiffjournalism.co.uk\/life360\/wp-content\/uploads\/sites\/8\/2023\/09\/Mike-Nesbitt-293x165.jpg 293w, https:\/\/cardiffjournalism.co.uk\/life360\/wp-content\/uploads\/sites\/8\/2023\/09\/Mike-Nesbitt.jpg 1114w\" sizes=\"auto, (max-width: 1024px) 100vw, 1024px\" \/><noscript><img decoding=\"async\" width=\"1024\" height=\"576\" src=\"https:\/\/cardiffjournalism.co.uk\/life360\/wp-content\/uploads\/sites\/8\/2023\/09\/Mike-Nesbitt-1024x576.jpg\" alt=\"\" class=\"wp-image-13948\" srcset=\"https:\/\/cardiffjournalism.co.uk\/life360\/wp-content\/uploads\/sites\/8\/2023\/09\/Mike-Nesbitt-1024x576.jpg 1024w, https:\/\/cardiffjournalism.co.uk\/life360\/wp-content\/uploads\/sites\/8\/2023\/09\/Mike-Nesbitt-300x169.jpg 300w, https:\/\/cardiffjournalism.co.uk\/life360\/wp-content\/uploads\/sites\/8\/2023\/09\/Mike-Nesbitt-770x433.jpg 770w, https:\/\/cardiffjournalism.co.uk\/life360\/wp-content\/uploads\/sites\/8\/2023\/09\/Mike-Nesbitt-293x165.jpg 293w, https:\/\/cardiffjournalism.co.uk\/life360\/wp-content\/uploads\/sites\/8\/2023\/09\/Mike-Nesbitt.jpg 1114w\" sizes=\"(max-width: 1024px) 100vw, 1024px\" \/><\/noscript><figcaption class=\"wp-element-caption\">Mike Nesbitt spends his days in his constituency office in Newtownards.<\/figcaption><\/figure>\n\n\n\n<p>\u201cTo put it frankly the loyalist community have absolutely hated the Irish Protocol and its redraft of the Windsor Framework has not allayed any of their fears,\u201d Mike says across the airwaves. \u201cMany loyalists also feel that the direction of travel is in favour of the Irish nationalists and that the protocol itself as a subjugation of the act of Union.\u201d<\/p>\n\n\n\n<p>An equalling of demographics and the Irish republicans, Sinn F\u00e9in likely to become the largest political party North and South of the border amplifies the uncertainty in post-Brexit Northern Ireland. Within the Good Friday Agreement is the possibility of a border poll being called on its constitutional question once demographics reflect its demand.<\/p>\n\n\n\n<p>Paired with the impact of the Irish Sea border and the possibility of joint authority rule between Dublin and London if power-sharing cannot be restored, many unionists feel as if the time for this to be put to the people is fast approaching.<\/p>\n\n\n\n<p>A moderate unionist who believes that the priority of politicians in the north should be the betterment of everyone\u2019s welfare, Mike doesn\u2019t concern himself with the orange and green politics of division. However, when questioned on the radio about this he had some reservations.<\/p>\n\n\n\n<figure class=\"wp-block-image size-large\"><img decoding=\"async\" width=\"1024\" height=\"577\" loading=\"lazy\" src=\"https:\/\/cardiffjournalism.co.uk\/life360\/wp-content\/uploads\/sites\/8\/2023\/09\/soldier-f-1024x577.jpg\" alt=\"\" class=\"wp-image-13998\" srcset=\"https:\/\/cardiffjournalism.co.uk\/life360\/wp-content\/uploads\/sites\/8\/2023\/09\/soldier-f-1024x577.jpg 1024w, https:\/\/cardiffjournalism.co.uk\/life360\/wp-content\/uploads\/sites\/8\/2023\/09\/soldier-f-300x169.jpg 300w, https:\/\/cardiffjournalism.co.uk\/life360\/wp-content\/uploads\/sites\/8\/2023\/09\/soldier-f-770x434.jpg 770w, https:\/\/cardiffjournalism.co.uk\/life360\/wp-content\/uploads\/sites\/8\/2023\/09\/soldier-f-1536x865.jpg 1536w, https:\/\/cardiffjournalism.co.uk\/life360\/wp-content\/uploads\/sites\/8\/2023\/09\/soldier-f-293x165.jpg 293w, https:\/\/cardiffjournalism.co.uk\/life360\/wp-content\/uploads\/sites\/8\/2023\/09\/soldier-f-1400x788.jpg 1400w, https:\/\/cardiffjournalism.co.uk\/life360\/wp-content\/uploads\/sites\/8\/2023\/09\/soldier-f.jpg 1659w\" sizes=\"auto, (max-width: 1024px) 100vw, 1024px\" \/><noscript><img decoding=\"async\" width=\"1024\" height=\"577\" src=\"https:\/\/cardiffjournalism.co.uk\/life360\/wp-content\/uploads\/sites\/8\/2023\/09\/soldier-f-1024x577.jpg\" alt=\"\" class=\"wp-image-13998\" srcset=\"https:\/\/cardiffjournalism.co.uk\/life360\/wp-content\/uploads\/sites\/8\/2023\/09\/soldier-f-1024x577.jpg 1024w, https:\/\/cardiffjournalism.co.uk\/life360\/wp-content\/uploads\/sites\/8\/2023\/09\/soldier-f-300x169.jpg 300w, https:\/\/cardiffjournalism.co.uk\/life360\/wp-content\/uploads\/sites\/8\/2023\/09\/soldier-f-770x434.jpg 770w, https:\/\/cardiffjournalism.co.uk\/life360\/wp-content\/uploads\/sites\/8\/2023\/09\/soldier-f-1536x865.jpg 1536w, https:\/\/cardiffjournalism.co.uk\/life360\/wp-content\/uploads\/sites\/8\/2023\/09\/soldier-f-293x165.jpg 293w, https:\/\/cardiffjournalism.co.uk\/life360\/wp-content\/uploads\/sites\/8\/2023\/09\/soldier-f-1400x788.jpg 1400w, https:\/\/cardiffjournalism.co.uk\/life360\/wp-content\/uploads\/sites\/8\/2023\/09\/soldier-f.jpg 1659w\" sizes=\"(max-width: 1024px) 100vw, 1024px\" \/><\/noscript><figcaption class=\"wp-element-caption\">Soldier F was one of two prosecuted for their role in the Bloody Sunday Massacre.<\/figcaption><\/figure>\n\n\n\n<p>\u201cI&#8217;ve heard loyalist spokespeople say that they will accept the outcome because they are democrats but I would say that there would be danger in the run-up to a border poll where the use of force could be used to sway people&#8217;s vote,\u201d said Mike. \u201cI could share a concern that a very small number of loyalists might be committed to violence, probably more likely in the republic.\u201d<\/p>\n\n\n\n<p>The loyalist threat is not to be ignored. In late 2022 a letter shared by the Loyalist Communities Council (LCC), an umbrella organisation representing the views of several paramilitaries, carried a clear warning to the Irish Government that ministers should not visit or interfere with Northern Ireland.&nbsp;<\/p>\n\n\n\n<figure class=\"wp-block-image size-large\"><img decoding=\"async\" width=\"1024\" height=\"576\" loading=\"lazy\" src=\"https:\/\/cardiffjournalism.co.uk\/life360\/wp-content\/uploads\/sites\/8\/2023\/09\/Unionism-lead-image-1-1024x576.jpg\" alt=\"\" class=\"wp-image-13999\" srcset=\"https:\/\/cardiffjournalism.co.uk\/life360\/wp-content\/uploads\/sites\/8\/2023\/09\/Unionism-lead-image-1-1024x576.jpg 1024w, https:\/\/cardiffjournalism.co.uk\/life360\/wp-content\/uploads\/sites\/8\/2023\/09\/Unionism-lead-image-1-300x169.jpg 300w, https:\/\/cardiffjournalism.co.uk\/life360\/wp-content\/uploads\/sites\/8\/2023\/09\/Unionism-lead-image-1-770x433.jpg 770w, https:\/\/cardiffjournalism.co.uk\/life360\/wp-content\/uploads\/sites\/8\/2023\/09\/Unionism-lead-image-1-1536x864.jpg 1536w, https:\/\/cardiffjournalism.co.uk\/life360\/wp-content\/uploads\/sites\/8\/2023\/09\/Unionism-lead-image-1-293x165.jpg 293w, https:\/\/cardiffjournalism.co.uk\/life360\/wp-content\/uploads\/sites\/8\/2023\/09\/Unionism-lead-image-1-1400x787.jpg 1400w, https:\/\/cardiffjournalism.co.uk\/life360\/wp-content\/uploads\/sites\/8\/2023\/09\/Unionism-lead-image-1.jpg 1890w\" sizes=\"auto, (max-width: 1024px) 100vw, 1024px\" \/><noscript><img decoding=\"async\" width=\"1024\" height=\"576\" src=\"https:\/\/cardiffjournalism.co.uk\/life360\/wp-content\/uploads\/sites\/8\/2023\/09\/Unionism-lead-image-1-1024x576.jpg\" alt=\"\" class=\"wp-image-13999\" srcset=\"https:\/\/cardiffjournalism.co.uk\/life360\/wp-content\/uploads\/sites\/8\/2023\/09\/Unionism-lead-image-1-1024x576.jpg 1024w, https:\/\/cardiffjournalism.co.uk\/life360\/wp-content\/uploads\/sites\/8\/2023\/09\/Unionism-lead-image-1-300x169.jpg 300w, https:\/\/cardiffjournalism.co.uk\/life360\/wp-content\/uploads\/sites\/8\/2023\/09\/Unionism-lead-image-1-770x433.jpg 770w, https:\/\/cardiffjournalism.co.uk\/life360\/wp-content\/uploads\/sites\/8\/2023\/09\/Unionism-lead-image-1-1536x864.jpg 1536w, https:\/\/cardiffjournalism.co.uk\/life360\/wp-content\/uploads\/sites\/8\/2023\/09\/Unionism-lead-image-1-293x165.jpg 293w, https:\/\/cardiffjournalism.co.uk\/life360\/wp-content\/uploads\/sites\/8\/2023\/09\/Unionism-lead-image-1-1400x787.jpg 1400w, https:\/\/cardiffjournalism.co.uk\/life360\/wp-content\/uploads\/sites\/8\/2023\/09\/Unionism-lead-image-1.jpg 1890w\" sizes=\"(max-width: 1024px) 100vw, 1024px\" \/><\/noscript><figcaption class=\"wp-element-caption\">Loyalists are furiously opposed to the Irish Border Protocol.<\/figcaption><\/figure>\n\n\n\n<p>The threat from Irish republicans is also severe and has been for quite some time. In February 2022 a Detective Chief Inspector was ambushed and left fighting for his life in an attack claimed by the New Irish Republican Army (IRA). They are a group of dissident republicans who wish to keep the flame of violent republicanism alive.&nbsp;<\/p>\n\n\n\n<p>This is the same group that threatened attacks on border infrastructure in the event of it returning. So severe was that threat, it caused the Irish leader Leo Varadkar to plead for support amongst his European counterparts to ensure a hard border would not return.<\/p>\n\n\n\n<p>These republicans have been gathering support, particularly in Derry in recent years. A stronghold is that of the Creggan, just uphill from the city cemetery where Darragh and Raymond ponder the thoughts of Mr. Nesbitt.<\/p>\n\n\n\n<p>They leave their car and enter the graveyard. Immediately they are surrounded by a sea of white masts, each mounted with an Irish Tricolour. It paints a sad picture of Derry\u2019s tragic history with each one representing a life given to the Republican cause.&nbsp;<\/p>\n\n\n\n<figure class=\"wp-block-image size-large\"><img decoding=\"async\" width=\"1024\" height=\"576\" loading=\"lazy\" src=\"https:\/\/cardiffjournalism.co.uk\/life360\/wp-content\/uploads\/sites\/8\/2023\/09\/flagpoles-1024x576.jpg\" alt=\"\" class=\"wp-image-13943\" srcset=\"https:\/\/cardiffjournalism.co.uk\/life360\/wp-content\/uploads\/sites\/8\/2023\/09\/flagpoles-1024x576.jpg 1024w, https:\/\/cardiffjournalism.co.uk\/life360\/wp-content\/uploads\/sites\/8\/2023\/09\/flagpoles-300x169.jpg 300w, https:\/\/cardiffjournalism.co.uk\/life360\/wp-content\/uploads\/sites\/8\/2023\/09\/flagpoles-770x433.jpg 770w, https:\/\/cardiffjournalism.co.uk\/life360\/wp-content\/uploads\/sites\/8\/2023\/09\/flagpoles-293x165.jpg 293w, https:\/\/cardiffjournalism.co.uk\/life360\/wp-content\/uploads\/sites\/8\/2023\/09\/flagpoles.jpg 1310w\" sizes=\"auto, (max-width: 1024px) 100vw, 1024px\" \/><noscript><img decoding=\"async\" width=\"1024\" height=\"576\" src=\"https:\/\/cardiffjournalism.co.uk\/life360\/wp-content\/uploads\/sites\/8\/2023\/09\/flagpoles-1024x576.jpg\" alt=\"\" class=\"wp-image-13943\" srcset=\"https:\/\/cardiffjournalism.co.uk\/life360\/wp-content\/uploads\/sites\/8\/2023\/09\/flagpoles-1024x576.jpg 1024w, https:\/\/cardiffjournalism.co.uk\/life360\/wp-content\/uploads\/sites\/8\/2023\/09\/flagpoles-300x169.jpg 300w, https:\/\/cardiffjournalism.co.uk\/life360\/wp-content\/uploads\/sites\/8\/2023\/09\/flagpoles-770x433.jpg 770w, https:\/\/cardiffjournalism.co.uk\/life360\/wp-content\/uploads\/sites\/8\/2023\/09\/flagpoles-293x165.jpg 293w, https:\/\/cardiffjournalism.co.uk\/life360\/wp-content\/uploads\/sites\/8\/2023\/09\/flagpoles.jpg 1310w\" sizes=\"(max-width: 1024px) 100vw, 1024px\" \/><\/noscript><figcaption class=\"wp-element-caption\">Derry City Cemetery and the endless sea of flag masts.<\/figcaption><\/figure>\n\n\n\n<p>For both, Irish unity has always been a distant hope but it had been parked by the Good Friday Agreement in 1998. Now Brexit has reintroduced that constitutional question. Walking through the republican plot of Creggan cemetery their thoughts can hardly escape that topic.<\/p>\n\n\n\n<p>\u201cI used to be adamant about a united Ireland and I\u2019d still love to see it but not at any cost,\u201d says Darragh. \u201cWe need to build more bridges before we unify because if there was a successful referendum in the morning I could see loyalist violence coming along with it.\u201d<\/p>\n\n\n\n<p>\u201cI don\u2019t know exactly what that violence would look like but there\u2019s no way that they would accept it without a fight,\u201d he said.<\/p>\n\n\n\n<figure class=\"wp-block-image size-large\"><img decoding=\"async\" width=\"1024\" height=\"576\" loading=\"lazy\" src=\"https:\/\/cardiffjournalism.co.uk\/life360\/wp-content\/uploads\/sites\/8\/2023\/09\/celtic-park-ira-2-1024x576.jpg\" alt=\"\" class=\"wp-image-13994\" srcset=\"https:\/\/cardiffjournalism.co.uk\/life360\/wp-content\/uploads\/sites\/8\/2023\/09\/celtic-park-ira-2-1024x576.jpg 1024w, https:\/\/cardiffjournalism.co.uk\/life360\/wp-content\/uploads\/sites\/8\/2023\/09\/celtic-park-ira-2-300x169.jpg 300w, https:\/\/cardiffjournalism.co.uk\/life360\/wp-content\/uploads\/sites\/8\/2023\/09\/celtic-park-ira-2-770x433.jpg 770w, https:\/\/cardiffjournalism.co.uk\/life360\/wp-content\/uploads\/sites\/8\/2023\/09\/celtic-park-ira-2-1536x865.jpg 1536w, https:\/\/cardiffjournalism.co.uk\/life360\/wp-content\/uploads\/sites\/8\/2023\/09\/celtic-park-ira-2-293x165.jpg 293w, https:\/\/cardiffjournalism.co.uk\/life360\/wp-content\/uploads\/sites\/8\/2023\/09\/celtic-park-ira-2-1400x788.jpg 1400w, https:\/\/cardiffjournalism.co.uk\/life360\/wp-content\/uploads\/sites\/8\/2023\/09\/celtic-park-ira-2.jpg 1890w\" sizes=\"auto, (max-width: 1024px) 100vw, 1024px\" \/><noscript><img decoding=\"async\" width=\"1024\" height=\"576\" src=\"https:\/\/cardiffjournalism.co.uk\/life360\/wp-content\/uploads\/sites\/8\/2023\/09\/celtic-park-ira-2-1024x576.jpg\" alt=\"\" class=\"wp-image-13994\" srcset=\"https:\/\/cardiffjournalism.co.uk\/life360\/wp-content\/uploads\/sites\/8\/2023\/09\/celtic-park-ira-2-1024x576.jpg 1024w, https:\/\/cardiffjournalism.co.uk\/life360\/wp-content\/uploads\/sites\/8\/2023\/09\/celtic-park-ira-2-300x169.jpg 300w, https:\/\/cardiffjournalism.co.uk\/life360\/wp-content\/uploads\/sites\/8\/2023\/09\/celtic-park-ira-2-770x433.jpg 770w, https:\/\/cardiffjournalism.co.uk\/life360\/wp-content\/uploads\/sites\/8\/2023\/09\/celtic-park-ira-2-1536x865.jpg 1536w, https:\/\/cardiffjournalism.co.uk\/life360\/wp-content\/uploads\/sites\/8\/2023\/09\/celtic-park-ira-2-293x165.jpg 293w, https:\/\/cardiffjournalism.co.uk\/life360\/wp-content\/uploads\/sites\/8\/2023\/09\/celtic-park-ira-2-1400x788.jpg 1400w, https:\/\/cardiffjournalism.co.uk\/life360\/wp-content\/uploads\/sites\/8\/2023\/09\/celtic-park-ira-2.jpg 1890w\" sizes=\"(max-width: 1024px) 100vw, 1024px\" \/><\/noscript><figcaption class=\"wp-element-caption\">Derry&#8217;s Celtic Park in the background, where Raymond encountered the dying soldier.<\/figcaption><\/figure>\n\n\n\n<p>Raymond chuckles and says,\u201c a united Ireland is on the cards and it\u2019s the loyalists who are going to achieve it, they\u2019ve done more for the cause of Irish unity in the past few years than the IRA ever did.\u201d<\/p>\n\n\n\n<p>In the warm tranquillity of the graveyard, the summer showers blow in from Lough Foyle to the northeast engulfing the city and hills surrounding it in a cascade of heavy rain. Below them is the catholic Bogside and the walled city built to protect Scottish settlers of the Ulster plantation. Flying high behind them are the union Jacks of the loyalist Fountain estate.<\/p>\n\n\n\n<p>\u201cThere will never be peace on this island,\u201d says Raymond to Darragh. \u201cJust look around, that hatred will never go away.\u201d<\/p>\n\n\n\n<p>On the way back home they drive past Celtic Park, the city\u2019s Gaelic Football Stadium. Outside the graffitied scribbles of&nbsp;<em>JOIN IRA<\/em>&nbsp;tatter the walls. On the lamppost those last three letters are painted on wooden signs in green white and orange, still hanging as they did during the Troubles. A ghost of the past highlighting that this conflict is never far away.<\/p>\n\n\n\n<figure class=\"wp-block-image size-large\"><img decoding=\"async\" width=\"1024\" height=\"576\" loading=\"lazy\" src=\"https:\/\/cardiffjournalism.co.uk\/life360\/wp-content\/uploads\/sites\/8\/2023\/09\/ira-creggan-1024x576.jpg\" alt=\"\" class=\"wp-image-13949\" srcset=\"https:\/\/cardiffjournalism.co.uk\/life360\/wp-content\/uploads\/sites\/8\/2023\/09\/ira-creggan-1024x576.jpg 1024w, https:\/\/cardiffjournalism.co.uk\/life360\/wp-content\/uploads\/sites\/8\/2023\/09\/ira-creggan-300x169.jpg 300w, https:\/\/cardiffjournalism.co.uk\/life360\/wp-content\/uploads\/sites\/8\/2023\/09\/ira-creggan-770x433.jpg 770w, https:\/\/cardiffjournalism.co.uk\/life360\/wp-content\/uploads\/sites\/8\/2023\/09\/ira-creggan-1536x864.jpg 1536w, https:\/\/cardiffjournalism.co.uk\/life360\/wp-content\/uploads\/sites\/8\/2023\/09\/ira-creggan-293x165.jpg 293w, https:\/\/cardiffjournalism.co.uk\/life360\/wp-content\/uploads\/sites\/8\/2023\/09\/ira-creggan-1400x788.jpg 1400w, https:\/\/cardiffjournalism.co.uk\/life360\/wp-content\/uploads\/sites\/8\/2023\/09\/ira-creggan.jpg 1692w\" sizes=\"auto, (max-width: 1024px) 100vw, 1024px\" \/><noscript><img decoding=\"async\" width=\"1024\" height=\"576\" src=\"https:\/\/cardiffjournalism.co.uk\/life360\/wp-content\/uploads\/sites\/8\/2023\/09\/ira-creggan-1024x576.jpg\" alt=\"\" class=\"wp-image-13949\" srcset=\"https:\/\/cardiffjournalism.co.uk\/life360\/wp-content\/uploads\/sites\/8\/2023\/09\/ira-creggan-1024x576.jpg 1024w, https:\/\/cardiffjournalism.co.uk\/life360\/wp-content\/uploads\/sites\/8\/2023\/09\/ira-creggan-300x169.jpg 300w, https:\/\/cardiffjournalism.co.uk\/life360\/wp-content\/uploads\/sites\/8\/2023\/09\/ira-creggan-770x433.jpg 770w, https:\/\/cardiffjournalism.co.uk\/life360\/wp-content\/uploads\/sites\/8\/2023\/09\/ira-creggan-1536x864.jpg 1536w, https:\/\/cardiffjournalism.co.uk\/life360\/wp-content\/uploads\/sites\/8\/2023\/09\/ira-creggan-293x165.jpg 293w, https:\/\/cardiffjournalism.co.uk\/life360\/wp-content\/uploads\/sites\/8\/2023\/09\/ira-creggan-1400x788.jpg 1400w, https:\/\/cardiffjournalism.co.uk\/life360\/wp-content\/uploads\/sites\/8\/2023\/09\/ira-creggan.jpg 1692w\" sizes=\"(max-width: 1024px) 100vw, 1024px\" \/><\/noscript><figcaption class=\"wp-element-caption\">An IRA sign with the red star of socialism seen in the dissident stronghold of the Creggan.<\/figcaption><\/figure>\n\n\n\n<p>It was here that not long after Bloody Sunday Raymond encountered a young British soldier in need of his help. He tells Darragh an anecdote that shows the mentality and animosity towards the other side that was harboured by those who lived through Troubles.<\/p>\n\n\n\n<p>\u201cI remember a British soldier sat there on his backside with blood running out of his stomach, the boy was dying and he asked me for a drink of water, I just walked on and left him there,\u201d he said. \u201cI feel guilty about it now but that was the hatred we all felt to those men.\u201d<\/p>\n\n\n\n<p>They turn back on the radio. Still, the talk of Brexit, the collapsed government, and the border dispute plague the airways Darragh scoffs and turns to Raymond.&nbsp;<\/p>\n\n\n\n<figure class=\"wp-block-image size-large\"><img decoding=\"async\" width=\"1024\" height=\"576\" loading=\"lazy\" src=\"https:\/\/cardiffjournalism.co.uk\/life360\/wp-content\/uploads\/sites\/8\/2023\/09\/bogside-1024x576.jpg\" alt=\"\" class=\"wp-image-13952\" srcset=\"https:\/\/cardiffjournalism.co.uk\/life360\/wp-content\/uploads\/sites\/8\/2023\/09\/bogside-1024x576.jpg 1024w, https:\/\/cardiffjournalism.co.uk\/life360\/wp-content\/uploads\/sites\/8\/2023\/09\/bogside-300x169.jpg 300w, https:\/\/cardiffjournalism.co.uk\/life360\/wp-content\/uploads\/sites\/8\/2023\/09\/bogside-770x433.jpg 770w, https:\/\/cardiffjournalism.co.uk\/life360\/wp-content\/uploads\/sites\/8\/2023\/09\/bogside-1536x864.jpg 1536w, https:\/\/cardiffjournalism.co.uk\/life360\/wp-content\/uploads\/sites\/8\/2023\/09\/bogside-293x165.jpg 293w, https:\/\/cardiffjournalism.co.uk\/life360\/wp-content\/uploads\/sites\/8\/2023\/09\/bogside-1400x787.jpg 1400w, https:\/\/cardiffjournalism.co.uk\/life360\/wp-content\/uploads\/sites\/8\/2023\/09\/bogside.jpg 1890w\" sizes=\"auto, (max-width: 1024px) 100vw, 1024px\" \/><noscript><img decoding=\"async\" width=\"1024\" height=\"576\" src=\"https:\/\/cardiffjournalism.co.uk\/life360\/wp-content\/uploads\/sites\/8\/2023\/09\/bogside-1024x576.jpg\" alt=\"\" class=\"wp-image-13952\" srcset=\"https:\/\/cardiffjournalism.co.uk\/life360\/wp-content\/uploads\/sites\/8\/2023\/09\/bogside-1024x576.jpg 1024w, https:\/\/cardiffjournalism.co.uk\/life360\/wp-content\/uploads\/sites\/8\/2023\/09\/bogside-300x169.jpg 300w, https:\/\/cardiffjournalism.co.uk\/life360\/wp-content\/uploads\/sites\/8\/2023\/09\/bogside-770x433.jpg 770w, https:\/\/cardiffjournalism.co.uk\/life360\/wp-content\/uploads\/sites\/8\/2023\/09\/bogside-1536x864.jpg 1536w, https:\/\/cardiffjournalism.co.uk\/life360\/wp-content\/uploads\/sites\/8\/2023\/09\/bogside-293x165.jpg 293w, https:\/\/cardiffjournalism.co.uk\/life360\/wp-content\/uploads\/sites\/8\/2023\/09\/bogside-1400x787.jpg 1400w, https:\/\/cardiffjournalism.co.uk\/life360\/wp-content\/uploads\/sites\/8\/2023\/09\/bogside.jpg 1890w\" sizes=\"(max-width: 1024px) 100vw, 1024px\" \/><\/noscript><figcaption class=\"wp-element-caption\">The Catholic Bogside viewed from the city walls. Free Derry Corner is in the foreground.<\/figcaption><\/figure>\n\n\n\n<p>\u201cHow can they expect ordinary people like you and me to understand all of this jargon, they don\u2019t even understand it in Stormont because the politicians won\u2019t even talk to each other,\u201d he says.&nbsp;<\/p>\n\n\n\n<p>On the radio, another voice of unionism comes on. It&#8217;s Sammy Wilson from the DUP. He argues about how the protocol has subjugated Northern Ireland\u2019s place within the EU and how the Irish government is the root cause of it for threatening a return to republican violence.<\/p>\n\n\n\n<p>\u201cLeo Varadkar should mind his own business, stay in Dublin and keep out of Northern Ireland\u2019s affairs,\u201d says Sammy. \u201cIf he wants to see our executive back up and running he should remove his demands for a legal and economic barrier running down the Irish Sea.\u201d<\/p>\n\n\n\n<p>It was Sammy\u2019s party that campaigned in favour of a hard Brexit and subsequently collapsed the executive in protest of the Irish Sea border.<\/p>\n\n\n\n<figure class=\"wp-block-image size-large\"><img decoding=\"async\" width=\"1024\" height=\"576\" loading=\"lazy\" src=\"https:\/\/cardiffjournalism.co.uk\/life360\/wp-content\/uploads\/sites\/8\/2023\/09\/stormont-1024x576.jpg\" alt=\"\" class=\"wp-image-13984\" srcset=\"https:\/\/cardiffjournalism.co.uk\/life360\/wp-content\/uploads\/sites\/8\/2023\/09\/stormont-1024x576.jpg 1024w, https:\/\/cardiffjournalism.co.uk\/life360\/wp-content\/uploads\/sites\/8\/2023\/09\/stormont-300x169.jpg 300w, https:\/\/cardiffjournalism.co.uk\/life360\/wp-content\/uploads\/sites\/8\/2023\/09\/stormont-770x433.jpg 770w, https:\/\/cardiffjournalism.co.uk\/life360\/wp-content\/uploads\/sites\/8\/2023\/09\/stormont-1536x864.jpg 1536w, https:\/\/cardiffjournalism.co.uk\/life360\/wp-content\/uploads\/sites\/8\/2023\/09\/stormont-293x165.jpg 293w, https:\/\/cardiffjournalism.co.uk\/life360\/wp-content\/uploads\/sites\/8\/2023\/09\/stormont-1400x787.jpg 1400w, https:\/\/cardiffjournalism.co.uk\/life360\/wp-content\/uploads\/sites\/8\/2023\/09\/stormont.jpg 1890w\" sizes=\"auto, (max-width: 1024px) 100vw, 1024px\" \/><noscript><img decoding=\"async\" width=\"1024\" height=\"576\" src=\"https:\/\/cardiffjournalism.co.uk\/life360\/wp-content\/uploads\/sites\/8\/2023\/09\/stormont-1024x576.jpg\" alt=\"\" class=\"wp-image-13984\" srcset=\"https:\/\/cardiffjournalism.co.uk\/life360\/wp-content\/uploads\/sites\/8\/2023\/09\/stormont-1024x576.jpg 1024w, https:\/\/cardiffjournalism.co.uk\/life360\/wp-content\/uploads\/sites\/8\/2023\/09\/stormont-300x169.jpg 300w, https:\/\/cardiffjournalism.co.uk\/life360\/wp-content\/uploads\/sites\/8\/2023\/09\/stormont-770x433.jpg 770w, https:\/\/cardiffjournalism.co.uk\/life360\/wp-content\/uploads\/sites\/8\/2023\/09\/stormont-1536x864.jpg 1536w, https:\/\/cardiffjournalism.co.uk\/life360\/wp-content\/uploads\/sites\/8\/2023\/09\/stormont-293x165.jpg 293w, https:\/\/cardiffjournalism.co.uk\/life360\/wp-content\/uploads\/sites\/8\/2023\/09\/stormont-1400x787.jpg 1400w, https:\/\/cardiffjournalism.co.uk\/life360\/wp-content\/uploads\/sites\/8\/2023\/09\/stormont.jpg 1890w\" sizes=\"(max-width: 1024px) 100vw, 1024px\" \/><\/noscript><figcaption class=\"wp-element-caption\">Stormont House, the seat of the devolved government which has been unused since May 2022.<\/figcaption><\/figure>\n\n\n\n<p>Sammy is speaking on this radio show from sunny Spain whilst the Stormont government remains empty and the ordinary people of Northern Ireland are left to struggle amidst the ongoing cost of living crisis.<\/p>\n\n\n\n<p>\u201cDo the DUP not understand that the voices of unionism are not loud enough to be heard by the people in London,\u201d said Darragh in frustration. \u201cThe Windsor Framework is an international agreement between two huge states, loyalists have been forced into this and I don&#8217;t understand how they think they can reverse it.\u201d<\/p>\n\n\n\n<p>The same soundwaves can be heard in R\u00f3is\u00edn Murtagh\u2019s car radio as she rushes to get her son Rory down to train in the local Gaelic football club. The team is managed by club legend Ois\u00edn McConville and you would dare not be late.&nbsp;<\/p>\n\n\n\n<figure class=\"wp-block-image size-large\"><img decoding=\"async\" width=\"1024\" height=\"576\" loading=\"lazy\" src=\"https:\/\/cardiffjournalism.co.uk\/life360\/wp-content\/uploads\/sites\/8\/2023\/09\/roisin-1-1024x576.jpg\" alt=\"\" class=\"wp-image-14000\" srcset=\"https:\/\/cardiffjournalism.co.uk\/life360\/wp-content\/uploads\/sites\/8\/2023\/09\/roisin-1-1024x576.jpg 1024w, https:\/\/cardiffjournalism.co.uk\/life360\/wp-content\/uploads\/sites\/8\/2023\/09\/roisin-1-300x169.jpg 300w, https:\/\/cardiffjournalism.co.uk\/life360\/wp-content\/uploads\/sites\/8\/2023\/09\/roisin-1-770x433.jpg 770w, https:\/\/cardiffjournalism.co.uk\/life360\/wp-content\/uploads\/sites\/8\/2023\/09\/roisin-1-1536x864.jpg 1536w, https:\/\/cardiffjournalism.co.uk\/life360\/wp-content\/uploads\/sites\/8\/2023\/09\/roisin-1-293x165.jpg 293w, https:\/\/cardiffjournalism.co.uk\/life360\/wp-content\/uploads\/sites\/8\/2023\/09\/roisin-1-1400x788.jpg 1400w, https:\/\/cardiffjournalism.co.uk\/life360\/wp-content\/uploads\/sites\/8\/2023\/09\/roisin-1.jpg 1600w\" sizes=\"auto, (max-width: 1024px) 100vw, 1024px\" \/><noscript><img decoding=\"async\" width=\"1024\" height=\"576\" src=\"https:\/\/cardiffjournalism.co.uk\/life360\/wp-content\/uploads\/sites\/8\/2023\/09\/roisin-1-1024x576.jpg\" alt=\"\" class=\"wp-image-14000\" srcset=\"https:\/\/cardiffjournalism.co.uk\/life360\/wp-content\/uploads\/sites\/8\/2023\/09\/roisin-1-1024x576.jpg 1024w, https:\/\/cardiffjournalism.co.uk\/life360\/wp-content\/uploads\/sites\/8\/2023\/09\/roisin-1-300x169.jpg 300w, https:\/\/cardiffjournalism.co.uk\/life360\/wp-content\/uploads\/sites\/8\/2023\/09\/roisin-1-770x433.jpg 770w, https:\/\/cardiffjournalism.co.uk\/life360\/wp-content\/uploads\/sites\/8\/2023\/09\/roisin-1-1536x864.jpg 1536w, https:\/\/cardiffjournalism.co.uk\/life360\/wp-content\/uploads\/sites\/8\/2023\/09\/roisin-1-293x165.jpg 293w, https:\/\/cardiffjournalism.co.uk\/life360\/wp-content\/uploads\/sites\/8\/2023\/09\/roisin-1-1400x788.jpg 1400w, https:\/\/cardiffjournalism.co.uk\/life360\/wp-content\/uploads\/sites\/8\/2023\/09\/roisin-1.jpg 1600w\" sizes=\"(max-width: 1024px) 100vw, 1024px\" \/><\/noscript><figcaption class=\"wp-element-caption\">R\u00f3is\u00edn Murtagh has lived in Crossmaglen her entire life.<\/figcaption><\/figure>\n\n\n\n<p>They hail from the infamous border town of Crossmaglen, one of IRA\u2019s strongholds where over 170 members of the British security forces were killed during the conflict. Here the fears and frustrations expressed by Darragh and Raymond are mirrored almost identically.<\/p>\n\n\n\n<p>Like Derry, Crossmaglen is a nationalist town just a couple of miles from the border. They suffered similar fates during the Troubles coming under strict army occupation for its duration with the locals subjected to daily intimidation by the security forces.<\/p>\n\n\n\n<p>The light in the darkness of that time was local the Gaelic football club, one of the most respected and feared in Ireland. Ois\u00edn and R\u00f3is\u00edn grew up just down the street from it. Today the imposing British army fortress like the IRA streetlight signs in Derry, remains almost unchanged with real fears of a return to the bleakness amongst the locals.<\/p>\n\n\n\n<p>\u201cAs soon as the Brexit vote came through our immediate fear was that we were going to go back to the Troubles,\u201d said R\u00f3is\u00edn. \u201cEveryone was wondering how it was going to work out and we all wondered what it would mean for the border because there\u2019s no way that we\u2019re going to go back over the Good Friday Agreement.\u201d<\/p>\n\n\n\n<figure class=\"wp-block-image size-large\"><img decoding=\"async\" width=\"1024\" height=\"576\" loading=\"lazy\" src=\"https:\/\/cardiffjournalism.co.uk\/life360\/wp-content\/uploads\/sites\/8\/2023\/09\/crossmaglen-crosses-1-1024x576.jpg\" alt=\"\" class=\"wp-image-14002\" srcset=\"https:\/\/cardiffjournalism.co.uk\/life360\/wp-content\/uploads\/sites\/8\/2023\/09\/crossmaglen-crosses-1-1024x576.jpg 1024w, https:\/\/cardiffjournalism.co.uk\/life360\/wp-content\/uploads\/sites\/8\/2023\/09\/crossmaglen-crosses-1-300x169.jpg 300w, https:\/\/cardiffjournalism.co.uk\/life360\/wp-content\/uploads\/sites\/8\/2023\/09\/crossmaglen-crosses-1-770x433.jpg 770w, https:\/\/cardiffjournalism.co.uk\/life360\/wp-content\/uploads\/sites\/8\/2023\/09\/crossmaglen-crosses-1-1536x864.jpg 1536w, https:\/\/cardiffjournalism.co.uk\/life360\/wp-content\/uploads\/sites\/8\/2023\/09\/crossmaglen-crosses-1-293x165.jpg 293w, https:\/\/cardiffjournalism.co.uk\/life360\/wp-content\/uploads\/sites\/8\/2023\/09\/crossmaglen-crosses-1-1400x787.jpg 1400w, https:\/\/cardiffjournalism.co.uk\/life360\/wp-content\/uploads\/sites\/8\/2023\/09\/crossmaglen-crosses-1.jpg 1890w\" sizes=\"auto, (max-width: 1024px) 100vw, 1024px\" \/><noscript><img decoding=\"async\" width=\"1024\" height=\"576\" src=\"https:\/\/cardiffjournalism.co.uk\/life360\/wp-content\/uploads\/sites\/8\/2023\/09\/crossmaglen-crosses-1-1024x576.jpg\" alt=\"\" class=\"wp-image-14002\" srcset=\"https:\/\/cardiffjournalism.co.uk\/life360\/wp-content\/uploads\/sites\/8\/2023\/09\/crossmaglen-crosses-1-1024x576.jpg 1024w, https:\/\/cardiffjournalism.co.uk\/life360\/wp-content\/uploads\/sites\/8\/2023\/09\/crossmaglen-crosses-1-300x169.jpg 300w, https:\/\/cardiffjournalism.co.uk\/life360\/wp-content\/uploads\/sites\/8\/2023\/09\/crossmaglen-crosses-1-770x433.jpg 770w, https:\/\/cardiffjournalism.co.uk\/life360\/wp-content\/uploads\/sites\/8\/2023\/09\/crossmaglen-crosses-1-1536x864.jpg 1536w, https:\/\/cardiffjournalism.co.uk\/life360\/wp-content\/uploads\/sites\/8\/2023\/09\/crossmaglen-crosses-1-293x165.jpg 293w, https:\/\/cardiffjournalism.co.uk\/life360\/wp-content\/uploads\/sites\/8\/2023\/09\/crossmaglen-crosses-1-1400x787.jpg 1400w, https:\/\/cardiffjournalism.co.uk\/life360\/wp-content\/uploads\/sites\/8\/2023\/09\/crossmaglen-crosses-1.jpg 1890w\" sizes=\"(max-width: 1024px) 100vw, 1024px\" \/><\/noscript><figcaption class=\"wp-element-caption\">A republican memorial in town centre of Crossmaglen.<\/figcaption><\/figure>\n\n\n\n<p>The past is inescapable in Crossmaglen such was the fog of sadness and tragedy that engulfed the area during the conflict. The fighting was so intense the town and the borderlands of South Armagh became simply known as \u2018Bandit Country\u2019.<\/p>\n\n\n\n<p>&nbsp;In the town church, the place where many local lives sacrificed for the republican cause were mourned, that heavy weight of sadness and history can be felt in its cold silent emptiness.<\/p>\n\n\n\n<p>Ois\u00edn grew up amidst this chaos, just down the street from the club in the shadow of the army barracks. For him, Gaelic football was his saviour. He went on to become one of the greatest Gaelic football players of the modern era and was a key part of Crossmaglen\u2019s on-field success in which they have won seven all-Irelands since 1997.&nbsp;<\/p>\n\n\n\n<p>Now an underage coach with the club he looks on and he thinks back to his youth and how different it was for him growing up during the Troubles. The helicopters whirling overhead, often landing on the playing pitch, the constant fear of encountering a soldier on your way to training, and the nonstop dodging of bullets every time you left the house.<\/p>\n\n\n\n<figure class=\"wp-block-image size-large\"><img decoding=\"async\" width=\"1024\" height=\"576\" loading=\"lazy\" src=\"https:\/\/cardiffjournalism.co.uk\/life360\/wp-content\/uploads\/sites\/8\/2023\/09\/oisin-low-angle-1-1024x576.jpg\" alt=\"\" class=\"wp-image-14003\" srcset=\"https:\/\/cardiffjournalism.co.uk\/life360\/wp-content\/uploads\/sites\/8\/2023\/09\/oisin-low-angle-1-1024x576.jpg 1024w, https:\/\/cardiffjournalism.co.uk\/life360\/wp-content\/uploads\/sites\/8\/2023\/09\/oisin-low-angle-1-300x169.jpg 300w, https:\/\/cardiffjournalism.co.uk\/life360\/wp-content\/uploads\/sites\/8\/2023\/09\/oisin-low-angle-1-770x433.jpg 770w, https:\/\/cardiffjournalism.co.uk\/life360\/wp-content\/uploads\/sites\/8\/2023\/09\/oisin-low-angle-1-1536x864.jpg 1536w, https:\/\/cardiffjournalism.co.uk\/life360\/wp-content\/uploads\/sites\/8\/2023\/09\/oisin-low-angle-1-293x165.jpg 293w, https:\/\/cardiffjournalism.co.uk\/life360\/wp-content\/uploads\/sites\/8\/2023\/09\/oisin-low-angle-1-1400x787.jpg 1400w, https:\/\/cardiffjournalism.co.uk\/life360\/wp-content\/uploads\/sites\/8\/2023\/09\/oisin-low-angle-1.jpg 1890w\" sizes=\"auto, (max-width: 1024px) 100vw, 1024px\" \/><noscript><img decoding=\"async\" width=\"1024\" height=\"576\" src=\"https:\/\/cardiffjournalism.co.uk\/life360\/wp-content\/uploads\/sites\/8\/2023\/09\/oisin-low-angle-1-1024x576.jpg\" alt=\"\" class=\"wp-image-14003\" srcset=\"https:\/\/cardiffjournalism.co.uk\/life360\/wp-content\/uploads\/sites\/8\/2023\/09\/oisin-low-angle-1-1024x576.jpg 1024w, https:\/\/cardiffjournalism.co.uk\/life360\/wp-content\/uploads\/sites\/8\/2023\/09\/oisin-low-angle-1-300x169.jpg 300w, https:\/\/cardiffjournalism.co.uk\/life360\/wp-content\/uploads\/sites\/8\/2023\/09\/oisin-low-angle-1-770x433.jpg 770w, https:\/\/cardiffjournalism.co.uk\/life360\/wp-content\/uploads\/sites\/8\/2023\/09\/oisin-low-angle-1-1536x864.jpg 1536w, https:\/\/cardiffjournalism.co.uk\/life360\/wp-content\/uploads\/sites\/8\/2023\/09\/oisin-low-angle-1-293x165.jpg 293w, https:\/\/cardiffjournalism.co.uk\/life360\/wp-content\/uploads\/sites\/8\/2023\/09\/oisin-low-angle-1-1400x787.jpg 1400w, https:\/\/cardiffjournalism.co.uk\/life360\/wp-content\/uploads\/sites\/8\/2023\/09\/oisin-low-angle-1.jpg 1890w\" sizes=\"(max-width: 1024px) 100vw, 1024px\" \/><\/noscript><figcaption class=\"wp-element-caption\">Armagh and Crossmaglen footballing royalty, Ois\u00edn McConville has won six All-Ireland titles.<\/figcaption><\/figure>\n\n\n\n<p>\u201cI remember back then, we just got on with things back then because we didn\u2019t know any different,\u201d he said to R\u00f3is\u00edn. \u201cWe\u2019ve worked so hard to improve things here so that the kids today can be whoever they want to be, to go back to where we were would be unthinkable.\u201d<\/p>\n\n\n\n<p>R\u00f3is\u00edn also grew up during the Troubles. She saw the town go from war to peace to its rebirth through Gaelic football.<\/p>\n\n\n\n<p>\u201cI was born at the height of the troubles in 1973 and I knew no different either but when I look back at some of the things that we had to go through I simply wouldn\u2019t be able to cope if it came back.\u201d<\/p>\n\n\n\n<p>Following their first of seven all-Ireland victories in 1997, the local publican Paddy Short summed up what it meant for this town plagued by the conflict that had engulfed it. Such was the lift that it gave a town persecuted by its surroundings, he believed changed the very foundation of its notoriety.<\/p>\n\n\n\n<figure class=\"wp-block-image size-large\"><img decoding=\"async\" width=\"1024\" height=\"576\" loading=\"lazy\" src=\"https:\/\/cardiffjournalism.co.uk\/life360\/wp-content\/uploads\/sites\/8\/2023\/09\/crossmaglen-barracks-close-up-1024x576.jpg\" alt=\"\" class=\"wp-image-14004\" srcset=\"https:\/\/cardiffjournalism.co.uk\/life360\/wp-content\/uploads\/sites\/8\/2023\/09\/crossmaglen-barracks-close-up-1024x576.jpg 1024w, https:\/\/cardiffjournalism.co.uk\/life360\/wp-content\/uploads\/sites\/8\/2023\/09\/crossmaglen-barracks-close-up-300x169.jpg 300w, https:\/\/cardiffjournalism.co.uk\/life360\/wp-content\/uploads\/sites\/8\/2023\/09\/crossmaglen-barracks-close-up-770x433.jpg 770w, https:\/\/cardiffjournalism.co.uk\/life360\/wp-content\/uploads\/sites\/8\/2023\/09\/crossmaglen-barracks-close-up-1536x865.jpg 1536w, https:\/\/cardiffjournalism.co.uk\/life360\/wp-content\/uploads\/sites\/8\/2023\/09\/crossmaglen-barracks-close-up-293x165.jpg 293w, https:\/\/cardiffjournalism.co.uk\/life360\/wp-content\/uploads\/sites\/8\/2023\/09\/crossmaglen-barracks-close-up-1400x788.jpg 1400w, https:\/\/cardiffjournalism.co.uk\/life360\/wp-content\/uploads\/sites\/8\/2023\/09\/crossmaglen-barracks-close-up.jpg 1890w\" sizes=\"auto, (max-width: 1024px) 100vw, 1024px\" \/><noscript><img decoding=\"async\" width=\"1024\" height=\"576\" src=\"https:\/\/cardiffjournalism.co.uk\/life360\/wp-content\/uploads\/sites\/8\/2023\/09\/crossmaglen-barracks-close-up-1024x576.jpg\" alt=\"\" class=\"wp-image-14004\" srcset=\"https:\/\/cardiffjournalism.co.uk\/life360\/wp-content\/uploads\/sites\/8\/2023\/09\/crossmaglen-barracks-close-up-1024x576.jpg 1024w, https:\/\/cardiffjournalism.co.uk\/life360\/wp-content\/uploads\/sites\/8\/2023\/09\/crossmaglen-barracks-close-up-300x169.jpg 300w, https:\/\/cardiffjournalism.co.uk\/life360\/wp-content\/uploads\/sites\/8\/2023\/09\/crossmaglen-barracks-close-up-770x433.jpg 770w, https:\/\/cardiffjournalism.co.uk\/life360\/wp-content\/uploads\/sites\/8\/2023\/09\/crossmaglen-barracks-close-up-1536x865.jpg 1536w, https:\/\/cardiffjournalism.co.uk\/life360\/wp-content\/uploads\/sites\/8\/2023\/09\/crossmaglen-barracks-close-up-293x165.jpg 293w, https:\/\/cardiffjournalism.co.uk\/life360\/wp-content\/uploads\/sites\/8\/2023\/09\/crossmaglen-barracks-close-up-1400x788.jpg 1400w, https:\/\/cardiffjournalism.co.uk\/life360\/wp-content\/uploads\/sites\/8\/2023\/09\/crossmaglen-barracks-close-up.jpg 1890w\" sizes=\"(max-width: 1024px) 100vw, 1024px\" \/><\/noscript><figcaption class=\"wp-element-caption\">The remains of the barracks are yards away from the pitch in Crossmaglen.<\/figcaption><\/figure>\n\n\n\n<p>\u201cAt least we won\u2019t be known as bandit country anymore, we\u2019ll be known as a great football team,\u201d he said. <\/p>\n\n\n\n<p>This spirit of wanting to rid themselves of their trouble is part of what drove Crossmaglen to their unparalleled on-field success. It is also what has driven Ois\u00edn to keep that work going so that the issues of the past remain there. The bleakness of their childhood is something that they are determined to not ever happen again. Something that Brexit has threatened to undo.<\/p>\n\n\n\n<p>The Irish protocol and its redraft of the Windsor framework has reaffirmed the Good Friday Agreement ensuring that the border will not return to the island of Ireland. Yet despite this reassurance it has not allayed the fears of trouble erupting once again in the North particularly along the border in places like Crossmaglen and Derry.<\/p>\n\n\n\n<p>Both R\u00f3is\u00edn and Ois\u00edn worry for the future and what the ongoing issues surrounding it will mean for their young children who have grown up in a different Northern Ireland entirely.<\/p>\n\n\n\n<figure class=\"wp-block-image size-large\"><img decoding=\"async\" width=\"1024\" height=\"576\" loading=\"lazy\" src=\"https:\/\/cardiffjournalism.co.uk\/life360\/wp-content\/uploads\/sites\/8\/2023\/09\/cross-memorial-3-1024x576.jpg\" alt=\"\" class=\"wp-image-13954\" srcset=\"https:\/\/cardiffjournalism.co.uk\/life360\/wp-content\/uploads\/sites\/8\/2023\/09\/cross-memorial-3-1024x576.jpg 1024w, https:\/\/cardiffjournalism.co.uk\/life360\/wp-content\/uploads\/sites\/8\/2023\/09\/cross-memorial-3-300x169.jpg 300w, https:\/\/cardiffjournalism.co.uk\/life360\/wp-content\/uploads\/sites\/8\/2023\/09\/cross-memorial-3-770x433.jpg 770w, https:\/\/cardiffjournalism.co.uk\/life360\/wp-content\/uploads\/sites\/8\/2023\/09\/cross-memorial-3-293x165.jpg 293w, https:\/\/cardiffjournalism.co.uk\/life360\/wp-content\/uploads\/sites\/8\/2023\/09\/cross-memorial-3.jpg 1354w\" sizes=\"auto, (max-width: 1024px) 100vw, 1024px\" \/><noscript><img decoding=\"async\" width=\"1024\" height=\"576\" src=\"https:\/\/cardiffjournalism.co.uk\/life360\/wp-content\/uploads\/sites\/8\/2023\/09\/cross-memorial-3-1024x576.jpg\" alt=\"\" class=\"wp-image-13954\" srcset=\"https:\/\/cardiffjournalism.co.uk\/life360\/wp-content\/uploads\/sites\/8\/2023\/09\/cross-memorial-3-1024x576.jpg 1024w, https:\/\/cardiffjournalism.co.uk\/life360\/wp-content\/uploads\/sites\/8\/2023\/09\/cross-memorial-3-300x169.jpg 300w, https:\/\/cardiffjournalism.co.uk\/life360\/wp-content\/uploads\/sites\/8\/2023\/09\/cross-memorial-3-770x433.jpg 770w, https:\/\/cardiffjournalism.co.uk\/life360\/wp-content\/uploads\/sites\/8\/2023\/09\/cross-memorial-3-293x165.jpg 293w, https:\/\/cardiffjournalism.co.uk\/life360\/wp-content\/uploads\/sites\/8\/2023\/09\/cross-memorial-3.jpg 1354w\" sizes=\"(max-width: 1024px) 100vw, 1024px\" \/><\/noscript><figcaption class=\"wp-element-caption\">A republican memorial located right on the border just outside of Crossmaglen.<\/figcaption><\/figure>\n\n\n\n<p>\u201cThe border issue is not resolved yet and I do fear that it could cause problems in the future,\u201d said R\u00f3is\u00edn to Ois\u00edn. \u201cI don\u2019t think that the staunch loyalist is ever going to accept what we Catholic\u2019s would want because some people just don\u2019t want to move on.\u201d<\/p>\n\n\n\n<p>\u201cWe try our best here to move on from the past but you can only get so far,\u201d she said. \u201cWe\u2019re hoping that with the work we do here in the football club, that younger people don\u2019t replicate the attitudes of the past but some people just don\u2019t want to move on.<\/p>\n\n\n\n<p>\u201cUnfortunately between everything that\u2019s happened here during the Troubles and now with Brexit and this border issue it getting harder and harder to do so.\u201d&nbsp;<\/p>\n","protected":false},"excerpt":{"rendered":"<p>Seven years after Brexit with a trade border in the Irish Sea, what are people&#8217;s hopes and fears along the Irish border for the future?<\/p>\n","protected":false},"author":952,"featured_media":13953,"comment_status":"closed","ping_status":"closed","sticky":false,"template":"","format":"standard","meta":{"_acf_changed":false,"footnotes":""},"categories":[1],"tags":[],"class_list":["post-13898","post","type-post","status-publish","format-standard","has-post-thumbnail","hentry","category-uncategorised"],"acf":[],"yoast_head":"<!-- This site is optimized with the Yoast SEO plugin v25.2 - https:\/\/yoast.com\/wordpress\/plugins\/seo\/ -->\n<title>Tension in the Borderlands: How has Brexit caused fear of a return to the violence in Ireland? - Life360<\/title>\n<meta name=\"robots\" content=\"index, follow, max-snippet:-1, max-image-preview:large, max-video-preview:-1\" \/>\n<link rel=\"canonical\" href=\"https:\/\/cardiffjournalism.co.uk\/life360\/tension-in-the-borderlands-how-has-brexit-caused-fear-of-a-return-to-the-violence-along-the-irish-border\/\" \/>\n<meta property=\"og:locale\" content=\"en_GB\" \/>\n<meta property=\"og:type\" content=\"article\" \/>\n<meta property=\"og:title\" content=\"Tension in the Borderlands: How has Brexit caused fear of a return to the violence in Ireland? - Life360\" \/>\n<meta property=\"og:description\" content=\"Seven years after Brexit with a trade border in the Irish Sea, what are people&#039;s hopes and fears along the Irish border for the future?\" \/>\n<meta property=\"og:url\" content=\"https:\/\/cardiffjournalism.co.uk\/life360\/tension-in-the-borderlands-how-has-brexit-caused-fear-of-a-return-to-the-violence-along-the-irish-border\/\" \/>\n<meta property=\"og:site_name\" content=\"Life360\" \/>\n<meta property=\"article:published_time\" content=\"2023-09-14T21:22:57+00:00\" \/>\n<meta property=\"article:modified_time\" content=\"2023-10-04T00:01:39+00:00\" \/>\n<meta property=\"og:image\" content=\"https:\/\/cardiffjournalism.co.uk\/life360\/wp-content\/uploads\/sites\/8\/2023\/09\/free-derry-corner.jpg\" \/>\n\t<meta property=\"og:image:width\" content=\"1645\" \/>\n\t<meta property=\"og:image:height\" content=\"925\" \/>\n\t<meta property=\"og:image:type\" content=\"image\/jpeg\" \/>\n<meta name=\"author\" content=\"\u00c9anna Macaoidh\" \/>\n<meta name=\"twitter:card\" content=\"summary_large_image\" \/>\n<meta name=\"twitter:creator\" content=\"@e_macaoidh\" \/>\n<meta name=\"twitter:label1\" content=\"Written by\" \/>\n\t<meta name=\"twitter:data1\" content=\"\u00c9anna Macaoidh\" \/>\n\t<meta name=\"twitter:label2\" content=\"Estimated reading time\" \/>\n\t<meta name=\"twitter:data2\" content=\"19 minutes\" \/>\n<script type=\"application\/ld+json\" class=\"yoast-schema-graph\">{\"@context\":\"https:\/\/schema.org\",\"@graph\":[{\"@type\":\"WebPage\",\"@id\":\"https:\/\/cardiffjournalism.co.uk\/life360\/tension-in-the-borderlands-how-has-brexit-caused-fear-of-a-return-to-the-violence-along-the-irish-border\/\",\"url\":\"https:\/\/cardiffjournalism.co.uk\/life360\/tension-in-the-borderlands-how-has-brexit-caused-fear-of-a-return-to-the-violence-along-the-irish-border\/\",\"name\":\"Tension in the Borderlands: How has Brexit caused fear of a return to the violence in Ireland? - Life360\",\"isPartOf\":{\"@id\":\"https:\/\/cardiffjournalism.co.uk\/life360\/#website\"},\"primaryImageOfPage\":{\"@id\":\"https:\/\/cardiffjournalism.co.uk\/life360\/tension-in-the-borderlands-how-has-brexit-caused-fear-of-a-return-to-the-violence-along-the-irish-border\/#primaryimage\"},\"image\":{\"@id\":\"https:\/\/cardiffjournalism.co.uk\/life360\/tension-in-the-borderlands-how-has-brexit-caused-fear-of-a-return-to-the-violence-along-the-irish-border\/#primaryimage\"},\"thumbnailUrl\":\"https:\/\/cardiffjournalism.co.uk\/life360\/wp-content\/uploads\/sites\/8\/2023\/09\/free-derry-corner.jpg\",\"datePublished\":\"2023-09-14T21:22:57+00:00\",\"dateModified\":\"2023-10-04T00:01:39+00:00\",\"author\":{\"@id\":\"https:\/\/cardiffjournalism.co.uk\/life360\/#\/schema\/person\/54b65e836eb8d69cfbf95c9b2f6f94bc\"},\"breadcrumb\":{\"@id\":\"https:\/\/cardiffjournalism.co.uk\/life360\/tension-in-the-borderlands-how-has-brexit-caused-fear-of-a-return-to-the-violence-along-the-irish-border\/#breadcrumb\"},\"inLanguage\":\"en-GB\",\"potentialAction\":[{\"@type\":\"ReadAction\",\"target\":[\"https:\/\/cardiffjournalism.co.uk\/life360\/tension-in-the-borderlands-how-has-brexit-caused-fear-of-a-return-to-the-violence-along-the-irish-border\/\"]}]},{\"@type\":\"ImageObject\",\"inLanguage\":\"en-GB\",\"@id\":\"https:\/\/cardiffjournalism.co.uk\/life360\/tension-in-the-borderlands-how-has-brexit-caused-fear-of-a-return-to-the-violence-along-the-irish-border\/#primaryimage\",\"url\":\"https:\/\/cardiffjournalism.co.uk\/life360\/wp-content\/uploads\/sites\/8\/2023\/09\/free-derry-corner.jpg\",\"contentUrl\":\"https:\/\/cardiffjournalism.co.uk\/life360\/wp-content\/uploads\/sites\/8\/2023\/09\/free-derry-corner.jpg\",\"width\":1645,\"height\":925},{\"@type\":\"BreadcrumbList\",\"@id\":\"https:\/\/cardiffjournalism.co.uk\/life360\/tension-in-the-borderlands-how-has-brexit-caused-fear-of-a-return-to-the-violence-along-the-irish-border\/#breadcrumb\",\"itemListElement\":[{\"@type\":\"ListItem\",\"position\":1,\"name\":\"Home\",\"item\":\"https:\/\/cardiffjournalism.co.uk\/life360\/\"},{\"@type\":\"ListItem\",\"position\":2,\"name\":\"Tension in the Borderlands: How has Brexit caused fear of a return to the violence along the Irish border?\"}]},{\"@type\":\"WebSite\",\"@id\":\"https:\/\/cardiffjournalism.co.uk\/life360\/#website\",\"url\":\"https:\/\/cardiffjournalism.co.uk\/life360\/\",\"name\":\"Life360\",\"description\":\"\",\"potentialAction\":[{\"@type\":\"SearchAction\",\"target\":{\"@type\":\"EntryPoint\",\"urlTemplate\":\"https:\/\/cardiffjournalism.co.uk\/life360\/?s={search_term_string}\"},\"query-input\":{\"@type\":\"PropertyValueSpecification\",\"valueRequired\":true,\"valueName\":\"search_term_string\"}}],\"inLanguage\":\"en-GB\"},{\"@type\":\"Person\",\"@id\":\"https:\/\/cardiffjournalism.co.uk\/life360\/#\/schema\/person\/54b65e836eb8d69cfbf95c9b2f6f94bc\",\"name\":\"\u00c9anna Macaoidh\",\"image\":{\"@type\":\"ImageObject\",\"inLanguage\":\"en-GB\",\"@id\":\"https:\/\/cardiffjournalism.co.uk\/life360\/#\/schema\/person\/image\/\",\"url\":\"https:\/\/cardiffjournalism.co.uk\/intercardiff\/wp-content\/uploads\/sites\/12\/2022\/12\/IMG_1554-e1671198346571-96x96.jpg\",\"contentUrl\":\"https:\/\/cardiffjournalism.co.uk\/intercardiff\/wp-content\/uploads\/sites\/12\/2022\/12\/IMG_1554-e1671198346571-96x96.jpg\",\"caption\":\"\u00c9anna Macaoidh\"},\"description\":\"Multimedia Journalist with Intercardiff International Journalism student in Cardiff University.\",\"sameAs\":[\"https:\/\/x.com\/e_macaoidh\"],\"url\":\"https:\/\/cardiffjournalism.co.uk\/life360\/author\/mackeye\/\"}]}<\/script>\n<!-- \/ Yoast SEO plugin. -->","yoast_head_json":{"title":"Tension in the Borderlands: How has Brexit caused fear of a return to the violence in Ireland? - Life360","robots":{"index":"index","follow":"follow","max-snippet":"max-snippet:-1","max-image-preview":"max-image-preview:large","max-video-preview":"max-video-preview:-1"},"canonical":"https:\/\/cardiffjournalism.co.uk\/life360\/tension-in-the-borderlands-how-has-brexit-caused-fear-of-a-return-to-the-violence-along-the-irish-border\/","og_locale":"en_GB","og_type":"article","og_title":"Tension in the Borderlands: How has Brexit caused fear of a return to the violence in Ireland? - Life360","og_description":"Seven years after Brexit with a trade border in the Irish Sea, what are people's hopes and fears along the Irish border for the future?","og_url":"https:\/\/cardiffjournalism.co.uk\/life360\/tension-in-the-borderlands-how-has-brexit-caused-fear-of-a-return-to-the-violence-along-the-irish-border\/","og_site_name":"Life360","article_published_time":"2023-09-14T21:22:57+00:00","article_modified_time":"2023-10-04T00:01:39+00:00","og_image":[{"width":1645,"height":925,"url":"https:\/\/cardiffjournalism.co.uk\/life360\/wp-content\/uploads\/sites\/8\/2023\/09\/free-derry-corner.jpg","type":"image\/jpeg"}],"author":"\u00c9anna Macaoidh","twitter_card":"summary_large_image","twitter_creator":"@e_macaoidh","twitter_misc":{"Written by":"\u00c9anna Macaoidh","Estimated reading time":"19 minutes"},"schema":{"@context":"https:\/\/schema.org","@graph":[{"@type":"WebPage","@id":"https:\/\/cardiffjournalism.co.uk\/life360\/tension-in-the-borderlands-how-has-brexit-caused-fear-of-a-return-to-the-violence-along-the-irish-border\/","url":"https:\/\/cardiffjournalism.co.uk\/life360\/tension-in-the-borderlands-how-has-brexit-caused-fear-of-a-return-to-the-violence-along-the-irish-border\/","name":"Tension in the Borderlands: How has Brexit caused fear of a return to the violence in Ireland? - Life360","isPartOf":{"@id":"https:\/\/cardiffjournalism.co.uk\/life360\/#website"},"primaryImageOfPage":{"@id":"https:\/\/cardiffjournalism.co.uk\/life360\/tension-in-the-borderlands-how-has-brexit-caused-fear-of-a-return-to-the-violence-along-the-irish-border\/#primaryimage"},"image":{"@id":"https:\/\/cardiffjournalism.co.uk\/life360\/tension-in-the-borderlands-how-has-brexit-caused-fear-of-a-return-to-the-violence-along-the-irish-border\/#primaryimage"},"thumbnailUrl":"https:\/\/cardiffjournalism.co.uk\/life360\/wp-content\/uploads\/sites\/8\/2023\/09\/free-derry-corner.jpg","datePublished":"2023-09-14T21:22:57+00:00","dateModified":"2023-10-04T00:01:39+00:00","author":{"@id":"https:\/\/cardiffjournalism.co.uk\/life360\/#\/schema\/person\/54b65e836eb8d69cfbf95c9b2f6f94bc"},"breadcrumb":{"@id":"https:\/\/cardiffjournalism.co.uk\/life360\/tension-in-the-borderlands-how-has-brexit-caused-fear-of-a-return-to-the-violence-along-the-irish-border\/#breadcrumb"},"inLanguage":"en-GB","potentialAction":[{"@type":"ReadAction","target":["https:\/\/cardiffjournalism.co.uk\/life360\/tension-in-the-borderlands-how-has-brexit-caused-fear-of-a-return-to-the-violence-along-the-irish-border\/"]}]},{"@type":"ImageObject","inLanguage":"en-GB","@id":"https:\/\/cardiffjournalism.co.uk\/life360\/tension-in-the-borderlands-how-has-brexit-caused-fear-of-a-return-to-the-violence-along-the-irish-border\/#primaryimage","url":"https:\/\/cardiffjournalism.co.uk\/life360\/wp-content\/uploads\/sites\/8\/2023\/09\/free-derry-corner.jpg","contentUrl":"https:\/\/cardiffjournalism.co.uk\/life360\/wp-content\/uploads\/sites\/8\/2023\/09\/free-derry-corner.jpg","width":1645,"height":925},{"@type":"BreadcrumbList","@id":"https:\/\/cardiffjournalism.co.uk\/life360\/tension-in-the-borderlands-how-has-brexit-caused-fear-of-a-return-to-the-violence-along-the-irish-border\/#breadcrumb","itemListElement":[{"@type":"ListItem","position":1,"name":"Home","item":"https:\/\/cardiffjournalism.co.uk\/life360\/"},{"@type":"ListItem","position":2,"name":"Tension in the Borderlands: How has Brexit caused fear of a return to the violence along the Irish border?"}]},{"@type":"WebSite","@id":"https:\/\/cardiffjournalism.co.uk\/life360\/#website","url":"https:\/\/cardiffjournalism.co.uk\/life360\/","name":"Life360","description":"","potentialAction":[{"@type":"SearchAction","target":{"@type":"EntryPoint","urlTemplate":"https:\/\/cardiffjournalism.co.uk\/life360\/?s={search_term_string}"},"query-input":{"@type":"PropertyValueSpecification","valueRequired":true,"valueName":"search_term_string"}}],"inLanguage":"en-GB"},{"@type":"Person","@id":"https:\/\/cardiffjournalism.co.uk\/life360\/#\/schema\/person\/54b65e836eb8d69cfbf95c9b2f6f94bc","name":"\u00c9anna Macaoidh","image":{"@type":"ImageObject","inLanguage":"en-GB","@id":"https:\/\/cardiffjournalism.co.uk\/life360\/#\/schema\/person\/image\/","url":"https:\/\/cardiffjournalism.co.uk\/intercardiff\/wp-content\/uploads\/sites\/12\/2022\/12\/IMG_1554-e1671198346571-96x96.jpg","contentUrl":"https:\/\/cardiffjournalism.co.uk\/intercardiff\/wp-content\/uploads\/sites\/12\/2022\/12\/IMG_1554-e1671198346571-96x96.jpg","caption":"\u00c9anna Macaoidh"},"description":"Multimedia Journalist with Intercardiff International Journalism student in Cardiff University.","sameAs":["https:\/\/x.com\/e_macaoidh"],"url":"https:\/\/cardiffjournalism.co.uk\/life360\/author\/mackeye\/"}]}},"_links":{"self":[{"href":"https:\/\/cardiffjournalism.co.uk\/life360\/wp-json\/wp\/v2\/posts\/13898","targetHints":{"allow":["GET"]}}],"collection":[{"href":"https:\/\/cardiffjournalism.co.uk\/life360\/wp-json\/wp\/v2\/posts"}],"about":[{"href":"https:\/\/cardiffjournalism.co.uk\/life360\/wp-json\/wp\/v2\/types\/post"}],"author":[{"embeddable":true,"href":"https:\/\/cardiffjournalism.co.uk\/life360\/wp-json\/wp\/v2\/users\/952"}],"replies":[{"embeddable":true,"href":"https:\/\/cardiffjournalism.co.uk\/life360\/wp-json\/wp\/v2\/comments?post=13898"}],"version-history":[{"count":15,"href":"https:\/\/cardiffjournalism.co.uk\/life360\/wp-json\/wp\/v2\/posts\/13898\/revisions"}],"predecessor-version":[{"id":14273,"href":"https:\/\/cardiffjournalism.co.uk\/life360\/wp-json\/wp\/v2\/posts\/13898\/revisions\/14273"}],"wp:featuredmedia":[{"embeddable":true,"href":"https:\/\/cardiffjournalism.co.uk\/life360\/wp-json\/wp\/v2\/media\/13953"}],"wp:attachment":[{"href":"https:\/\/cardiffjournalism.co.uk\/life360\/wp-json\/wp\/v2\/media?parent=13898"}],"wp:term":[{"taxonomy":"category","embeddable":true,"href":"https:\/\/cardiffjournalism.co.uk\/life360\/wp-json\/wp\/v2\/categories?post=13898"},{"taxonomy":"post_tag","embeddable":true,"href":"https:\/\/cardiffjournalism.co.uk\/life360\/wp-json\/wp\/v2\/tags?post=13898"}],"curies":[{"name":"wp","href":"https:\/\/api.w.org\/{rel}","templated":true}]}}